{"id":28363,"date":"2023-10-02T10:00:00","date_gmt":"2023-10-02T08:00:00","guid":{"rendered":"https:\/\/jobxion.pl\/?p=28363"},"modified":"2024-03-08T11:50:22","modified_gmt":"2024-03-08T10:50:22","slug":"wywiad-kompetencyjny-nie-taki-straszny-jak-go-maluja","status":"publish","type":"post","link":"https:\/\/www.jobxion.com\/pl\/wywiad-kompetencyjny-nie-taki-straszny-jak-go-maluja\/","title":{"rendered":"Wywiad kompetencyjny \u2013 nie taki straszny jak go maluj\u0105."},"content":{"rendered":"\t\t<div data-elementor-type=\"wp-post\" data-elementor-id=\"28363\" class=\"elementor elementor-28363\" data-elementor-post-type=\"post\">\n\t\t\t\t\t\t<section class=\"elementor-section elementor-top-section elementor-element elementor-element-2a764166 elementor-section-boxed elementor-section-height-default elementor-section-height-default\" data-id=\"2a764166\" data-element_type=\"section\" data-e-type=\"section\">\n\t\t\t\t\t\t<div class=\"elementor-container elementor-column-gap-default\">\n\t\t\t\t\t<div class=\"elementor-column elementor-col-100 elementor-top-column elementor-element elementor-element-794f55d0\" data-id=\"794f55d0\" data-element_type=\"column\" data-e-type=\"column\">\n\t\t\t<div class=\"elementor-widget-wrap elementor-element-populated\">\n\t\t\t\t\t\t<div class=\"elementor-element elementor-element-4cd192d elementor-widget elementor-widget-image\" data-id=\"4cd192d\" data-element_type=\"widget\" data-e-type=\"widget\" data-widget_type=\"image.default\">\n\t\t\t\t<div class=\"elementor-widget-container\">\n\t\t\t\t\t\t\t\t\t\t\t\t\t\t\t<img fetchpriority=\"high\" decoding=\"async\" width=\"900\" height=\"546\" src=\"https:\/\/www.jobxion.com\/wp-content\/uploads\/2023\/10\/Wywiad-kompetencyjny.webp\" class=\"attachment-large size-large wp-image-34606\" alt=\"Wywiad kompetencyjny\" srcset=\"https:\/\/www.jobxion.com\/wp-content\/uploads\/2023\/10\/Wywiad-kompetencyjny.webp 900w, https:\/\/www.jobxion.com\/wp-content\/uploads\/2023\/10\/Wywiad-kompetencyjny-300x182.webp 300w, https:\/\/www.jobxion.com\/wp-content\/uploads\/2023\/10\/Wywiad-kompetencyjny-768x466.webp 768w\" sizes=\"(max-width: 900px) 100vw, 900px\" \/>\t\t\t\t\t\t\t\t\t\t\t\t\t\t\t<\/div>\n\t\t\t\t<\/div>\n\t\t\t\t<div class=\"elementor-element elementor-element-5904eeb8 elementor-widget elementor-widget-text-editor\" data-id=\"5904eeb8\" data-element_type=\"widget\" data-e-type=\"widget\" data-widget_type=\"text-editor.default\">\n\t\t\t\t<div class=\"elementor-widget-container\">\n\t\t\t\t\t\t\t\t\t<h1>Wywiad kompetencyjny &#8211; nie taki straszny jak go maluj\u0105.<\/h1><p><strong>Wywiad kompetencyjny<\/strong>, inaczej nazywany <strong>wywiadem behawioralnym<\/strong> to nic innego jak <strong>jeden z rodzaj\u00f3w przeprowadzania procesu rekrutacyjnego<\/strong>. <strong>Polega na ocenieniu kompetencji kandydata do pracy<\/strong>, podczas rozmowy <strong>sprawdzane s\u0105 umiej\u0119tno\u015bci, wiedza, zachowanie<\/strong> oraz <strong>do\u015bwiadczenie<\/strong>. \u00a0Wywiad kompetencyjny zak\u0142ada, \u017ce do tej pory <strong>zdobyta praktyka jest doskona\u0142ym wska\u017anikiem naszego<\/strong> <strong>przysz\u0142ego post\u0119powania<\/strong>. W przeciwie\u0144stwie do tradycyjnego wywiadu, kt\u00f3ry skupia si\u0119 na og\u00f3lnych pytaniach, <strong>wywiad kompetencyjny koncentruje si\u0119 na konkretnych przyk\u0142adach z przesz\u0142o\u015bci kandydata<\/strong>.<\/p><p>Cho\u0107 wydawa\u0107 by si\u0119 mog\u0142o, ze dyskusja o\u00a0 naszych poprzednich do\u015bwiadczeniach w pracy nie jest trudna i wymagaj\u0105ca do niej r\u00f3wnie\u017c powinni\u015bmy si\u0119 przygotowa\u0107 w odpowiedni spos\u00f3b. <br \/>Na pocz\u0105tku nie zapomnij o <strong>przeanalizowaniu wymaga\u0144<\/strong> oraz <strong>umiej\u0119tno\u015bci jakie stawia przed Tob\u0105 nowe stanowisko<\/strong>. Dok\u0142adnie sprawd\u017a <strong>z czym wi\u0105\u017ce si\u0119 nowa praca, sprawd\u017a firm\u0119 i zakres jej dzia\u0142a\u0144<\/strong>. Je\u015bli masz mo\u017cliwo\u015b\u0107 <strong>przygotuj referencje od poprzednich pracodawc\u00f3w i kopie swojego CV<\/strong>.<br \/>Zadbaj o <strong>przygotowanie si\u0119 do odpowiedzi na pytania<\/strong> jakie mog\u0105 pa\u015b\u0107 w czasie rozmowy. <strong>Opowiedz o swoich kompetencjach<\/strong>, <strong>osi\u0105gnieciach oraz wyzwaniach<\/strong>, kt\u00f3re do tej pory napotka\u0142e\u015b w pracy. Przygotuj <strong>przyk\u0142ady, kt\u00f3re poka\u017c\u0105 rekruterowi Twoje umiej\u0119tno\u015bci<\/strong> i <strong>do\u015bwiadczeni<\/strong>e oraz<strong> jak wykorzystywa\u0142e\u015b je na poprzednim stanowisku<\/strong>.\u00a0 <strong>M\u00f3w otwarcie<\/strong> o tym<strong> jak poradzi\u0142e\u015b sobie z wyzwaniami<\/strong>, <strong>jak doszed\u0142e\u015b do rozwi\u0105zania stawianych przed Tob\u0105 problem\u00f3w<\/strong> w poprzedniej pracy. Je\u015bli jakiego\u015b zadania nie uda\u0142o Ci si\u0119 wype\u0142ni\u0107 mo\u017cesz opowiedzie\u0107 o tym<strong> jakie teraz podj\u0105\u0142by\u015b dzia\u0142ania by zako\u0144czy\u0107 je z sukcesem<\/strong>. Przysz\u0142emu pracodawcy zale\u017cy na tym by zrozumie\u0107 <strong>w jaki spos\u00f3b rozwi\u0105zujesz stawiane przed Tob\u0105 wyzwania<\/strong>, a nie tylko na Twoich osi\u0105gnieciach.\u00a0 <br \/>By lepiej usystematyzowa\u0107 swoje odpowiedzi na pocz\u0105tku<strong> rozpocznij od opowiedzenia o tym jak wygl\u0105da\u0142a sytuacja, kt\u00f3ra s\u0142u\u017cy Ci jako przyk\u0142ad<\/strong>. Przedstaw rekruterowi<strong> jakie zadanie do wykonania z niej wynika\u0142o<\/strong>, a potem opowiedz o <strong>dzia\u0142aniach jakie podj\u0105\u0142e\u015b, jak przebiega\u0142y i dlaczego akurat takie wybra\u0142e\u015b<\/strong>. Ta cz\u0119\u015b\u0107 rozmowy to idealny moment by <strong>opowiedzie\u0107 o Twoich umiej\u0119tno\u015bciach<\/strong>. Na ko\u0144cu przedstaw jaki by\u0142 <strong>rezultat Twoich decyzji<\/strong>. <br \/>W czasie rozmowy <strong>b\u0105d\u017a pewny siebie, asertywny i m\u00f3w odwa\u017cnie<\/strong>. Swoje odpowiedzi <strong>skup na pracy i do\u015bwiadczeniu z ni\u0105 zwi\u0105zanym<\/strong>, ale<strong> nie wywy\u017cszaj si\u0119<\/strong> i <strong>pozw\u00f3l rekruterowi by\u0107 osob\u0105 prowadz\u0105c\u0105 w tej konwersacji<\/strong>. Tw\u00f3j przysz\u0142y pracodawca doskonale wie, \u017ce si\u0119 stresujesz, dlatego <strong>nie pozw\u00f3l by ma\u0142e pomy\u0142ki zawa\u017cy\u0142y na dalszym biegu dyskusji<\/strong>, <strong>opanowanie w czasie rozmowy powinno by\u0107 Twoim drugim imieniem<\/strong>. \u00a0<\/p><p><strong>Przygotowanie do rozmowy rekrutacyjnej<\/strong> jest <strong>bardzo wa\u017cne<\/strong>, jednak <strong>nie mo\u017cesz zapomnie\u0107 o naturalno\u015bci i autentyczno\u015bci<\/strong>.\u00a0 <strong>B\u0105d\u017a pewny siebie, pozytywny i gotowy do przedstawienia swoich umiej\u0119tno\u015bci<\/strong>.<\/p><p><strong>Powodzenia podczas rozmowy rekrutacyjnej!<\/strong><\/p><p><span style=\"font-size: 16px;\">Pracuj z JobXion !<\/span><\/p>\t\t\t\t\t\t\t\t<\/div>\n\t\t\t\t<\/div>\n\t\t\t\t\t<\/div>\n\t\t<\/div>\n\t\t\t\t\t<\/div>\n\t\t<\/section>\n\t\t\t\t<\/div>\n\t\t","protected":false},"excerpt":{"rendered":"<p>Wywiad kompetencyjny &#8211; nie taki straszny jak go maluj\u0105. Wywiad kompetencyjny, inaczej nazywany wywiadem behawioralnym to nic innego jak jeden z rodzaj\u00f3w przeprowadzania procesu rekrutacyjnego. Polega na ocenieniu kompetencji kandydata do pracy, podczas rozmowy sprawdzane s\u0105 umiej\u0119tno\u015bci, wiedza, zachowanie oraz do\u015bwiadczenie. \u00a0Wywiad kompetencyjny zak\u0142ada, \u017ce do tej pory zdobyta praktyka jest doskona\u0142ym wska\u017anikiem naszego przysz\u0142ego [&hellip;]<\/p>\n","protected":false},"author":9,"featured_media":34606,"comment_status":"closed","ping_status":"closed","sticky":false,"template":"elementor_header_footer","format":"standard","meta":{"_acf_changed":false,"site-sidebar-layout":"no-sidebar","site-content-layout":"page-builder","ast-site-content-layout":"default","site-content-style":"default","site-sidebar-style":"default","ast-global-header-display":"","ast-banner-title-visibility":"","ast-main-header-display":"","ast-hfb-above-header-display":"","ast-hfb-below-header-display":"","ast-hfb-mobile-header-display":"","site-post-title":"disabled","ast-breadcrumbs-content":"","ast-featured-img":"disabled","footer-sml-layout":"","ast-disable-related-posts":"","theme-transparent-header-meta":"","adv-header-id-meta":"","stick-header-meta":"","header-above-stick-meta":"","header-main-stick-meta":"","header-below-stick-meta":"","astra-migrate-meta-layouts":"default","ast-page-background-enabled":"default","ast-page-background-meta":{"desktop":{"background-color":"var(--ast-global-color-4)","background-image":"","background-repeat":"repeat","background-position":"center center","background-size":"auto","background-attachment":"scroll","background-type":"","background-media":"","overlay-type":"","overlay-color":"","overlay-opacity":"","overlay-gradient":""},"tablet":{"background-color":"","background-image":"","background-repeat":"repeat","background-position":"center center","background-size":"auto","background-attachment":"scroll","background-type":"","background-media":"","overlay-type":"","overlay-color":"","overlay-opacity":"","overlay-gradient":""},"mobile":{"background-color":"","background-image":"","background-repeat":"repeat","background-position":"center center","background-size":"auto","background-attachment":"scroll","background-type":"","background-media":"","overlay-type":"","overlay-color":"","overlay-opacity":"","overlay-gradient":""}},"ast-content-background-meta":{"desktop":{"background-color":"var(--ast-global-color-5)","background-image":"","background-repeat":"repeat","background-position":"center center","background-size":"auto","background-attachment":"scroll","background-type":"","background-media":"","overlay-type":"","overlay-color":"","overlay-opacity":"","overlay-gradient":""},"tablet":{"background-color":"var(--ast-global-color-5)","background-image":"","background-repeat":"repeat","background-position":"center center","background-size":"auto","background-attachment":"scroll","background-type":"","background-media":"","overlay-type":"","overlay-color":"","overlay-opacity":"","overlay-gradient":""},"mobile":{"background-color":"var(--ast-global-color-5)","background-image":"","background-repeat":"repeat","background-position":"center center","background-size":"auto","background-attachment":"scroll","background-type":"","background-media":"","overlay-type":"","overlay-color":"","overlay-opacity":"","overlay-gradient":""}},"footnotes":""},"categories":[255],"tags":[274],"class_list":["post-28363","post","type-post","status-publish","format-standard","has-post-thumbnail","hentry","category-blog","tag-holandia"],"acf":[],"yoast_head":"<!-- This site is optimized with the Yoast SEO Premium plugin v27.0 (Yoast SEO v27.0) - https:\/\/yoast.com\/product\/yoast-seo-premium-wordpress\/ -->\n<title>Wywiad kompetencyjny \u2013 nie taki straszny jak go maluj\u0105.<\/title>\n<meta name=\"description\" content=\"Wywiad kompetencyjny - nie taki straszny jak go maluj\u0105.Wywiad kompetencyjny, inaczej nazywany wywiadem behawioralnym to nic innego jak jeden z rodzaj\u00f3w\" \/>\n<meta name=\"robots\" content=\"index, follow, max-snippet:-1, max-image-preview:large, max-video-preview:-1\" \/>\n<link rel=\"canonical\" href=\"https:\/\/www.jobxion.com\/pl\/wywiad-kompetencyjny-nie-taki-straszny-jak-go-maluja\/\" \/>\n<meta property=\"og:locale\" content=\"pl_PL\" \/>\n<meta property=\"og:type\" content=\"article\" \/>\n<meta property=\"og:title\" content=\"Wywiad kompetencyjny \u2013 nie taki straszny jak go maluj\u0105.\" \/>\n<meta property=\"og:description\" content=\"Wywiad kompetencyjny - nie taki straszny jak go maluj\u0105.Wywiad kompetencyjny, inaczej nazywany wywiadem behawioralnym to nic innego jak jeden z rodzaj\u00f3w\" \/>\n<meta property=\"og:url\" content=\"https:\/\/www.jobxion.com\/pl\/wywiad-kompetencyjny-nie-taki-straszny-jak-go-maluja\/\" \/>\n<meta property=\"og:site_name\" content=\"Jobxion\" \/>\n<meta property=\"article:publisher\" content=\"https:\/\/www.facebook.com\/JobXion\" \/>\n<meta property=\"article:published_time\" content=\"2023-10-02T08:00:00+00:00\" \/>\n<meta property=\"article:modified_time\" content=\"2024-03-08T10:50:22+00:00\" \/>\n<meta property=\"og:image\" content=\"https:\/\/www.jobxion.com\/wp-content\/uploads\/2023\/10\/Wywiad-kompetencyjny.webp\" \/>\n\t<meta property=\"og:image:width\" content=\"900\" \/>\n\t<meta property=\"og:image:height\" content=\"546\" \/>\n\t<meta property=\"og:image:type\" content=\"image\/webp\" \/>\n<meta name=\"author\" content=\"Rekrutacja\" \/>\n<script type=\"application\/ld+json\" class=\"yoast-schema-graph\">{\"@context\":\"https:\/\/schema.org\",\"@graph\":[{\"@type\":\"Article\",\"@id\":\"https:\/\/www.jobxion.com\/pl\/wywiad-kompetencyjny-nie-taki-straszny-jak-go-maluja\/#article\",\"isPartOf\":{\"@id\":\"https:\/\/www.jobxion.com\/pl\/wywiad-kompetencyjny-nie-taki-straszny-jak-go-maluja\/\"},\"author\":{\"name\":\"Rekrutacja\",\"@id\":\"https:\/\/www.jobxion.com\/pl\/#\/schema\/person\/c920f0196ff09f8ab3590800c0fc85da\"},\"headline\":\"Wywiad kompetencyjny \u2013 nie taki straszny jak go maluj\u0105.\",\"datePublished\":\"2023-10-02T08:00:00+00:00\",\"dateModified\":\"2024-03-08T10:50:22+00:00\",\"mainEntityOfPage\":{\"@id\":\"https:\/\/www.jobxion.com\/pl\/wywiad-kompetencyjny-nie-taki-straszny-jak-go-maluja\/\"},\"wordCount\":507,\"publisher\":{\"@id\":\"https:\/\/www.jobxion.com\/pl\/#organization\"},\"image\":{\"@id\":\"https:\/\/www.jobxion.com\/pl\/wywiad-kompetencyjny-nie-taki-straszny-jak-go-maluja\/#primaryimage\"},\"thumbnailUrl\":\"https:\/\/www.jobxion.com\/wp-content\/uploads\/2023\/10\/Wywiad-kompetencyjny.webp\",\"keywords\":[\"Holandia\"],\"articleSection\":[\"Blog\"],\"inLanguage\":\"pl-PL\"},{\"@type\":\"WebPage\",\"@id\":\"https:\/\/www.jobxion.com\/pl\/wywiad-kompetencyjny-nie-taki-straszny-jak-go-maluja\/\",\"url\":\"https:\/\/www.jobxion.com\/pl\/wywiad-kompetencyjny-nie-taki-straszny-jak-go-maluja\/\",\"name\":\"Wywiad kompetencyjny \u2013 nie taki straszny jak go maluj\u0105.\",\"isPartOf\":{\"@id\":\"https:\/\/www.jobxion.com\/pl\/#website\"},\"primaryImageOfPage\":{\"@id\":\"https:\/\/www.jobxion.com\/pl\/wywiad-kompetencyjny-nie-taki-straszny-jak-go-maluja\/#primaryimage\"},\"image\":{\"@id\":\"https:\/\/www.jobxion.com\/pl\/wywiad-kompetencyjny-nie-taki-straszny-jak-go-maluja\/#primaryimage\"},\"thumbnailUrl\":\"https:\/\/www.jobxion.com\/wp-content\/uploads\/2023\/10\/Wywiad-kompetencyjny.webp\",\"datePublished\":\"2023-10-02T08:00:00+00:00\",\"dateModified\":\"2024-03-08T10:50:22+00:00\",\"description\":\"Wywiad kompetencyjny - nie taki straszny jak go maluj\u0105.Wywiad kompetencyjny, inaczej nazywany wywiadem behawioralnym to nic innego jak jeden z rodzaj\u00f3w\",\"inLanguage\":\"pl-PL\",\"potentialAction\":[{\"@type\":\"ReadAction\",\"target\":[\"https:\/\/www.jobxion.com\/pl\/wywiad-kompetencyjny-nie-taki-straszny-jak-go-maluja\/\"]}]},{\"@type\":\"ImageObject\",\"inLanguage\":\"pl-PL\",\"@id\":\"https:\/\/www.jobxion.com\/pl\/wywiad-kompetencyjny-nie-taki-straszny-jak-go-maluja\/#primaryimage\",\"url\":\"https:\/\/www.jobxion.com\/wp-content\/uploads\/2023\/10\/Wywiad-kompetencyjny.webp\",\"contentUrl\":\"https:\/\/www.jobxion.com\/wp-content\/uploads\/2023\/10\/Wywiad-kompetencyjny.webp\",\"width\":900,\"height\":546,\"caption\":\"Wywiad kompetencyjny\"},{\"@type\":\"WebSite\",\"@id\":\"https:\/\/www.jobxion.com\/pl\/#website\",\"url\":\"https:\/\/www.jobxion.com\/pl\/\",\"name\":\"Jobxion\",\"description\":\"Jobxion\",\"publisher\":{\"@id\":\"https:\/\/www.jobxion.com\/pl\/#organization\"},\"potentialAction\":[{\"@type\":\"SearchAction\",\"target\":{\"@type\":\"EntryPoint\",\"urlTemplate\":\"https:\/\/www.jobxion.com\/pl\/?s={search_term_string}\"},\"query-input\":{\"@type\":\"PropertyValueSpecification\",\"valueRequired\":true,\"valueName\":\"search_term_string\"}}],\"inLanguage\":\"pl-PL\"},{\"@type\":\"Organization\",\"@id\":\"https:\/\/www.jobxion.com\/pl\/#organization\",\"name\":\"Jobxion\",\"url\":\"https:\/\/www.jobxion.com\/pl\/\",\"logo\":{\"@type\":\"ImageObject\",\"inLanguage\":\"pl-PL\",\"@id\":\"https:\/\/www.jobxion.com\/pl\/#\/schema\/logo\/image\/\",\"url\":\"https:\/\/www.jobxion.com\/wp-content\/uploads\/2022\/09\/Jobxion-website-e1671193791246.png\",\"contentUrl\":\"https:\/\/www.jobxion.com\/wp-content\/uploads\/2022\/09\/Jobxion-website-e1671193791246.png\",\"width\":150,\"height\":36,\"caption\":\"Jobxion\"},\"image\":{\"@id\":\"https:\/\/www.jobxion.com\/pl\/#\/schema\/logo\/image\/\"},\"sameAs\":[\"https:\/\/www.facebook.com\/JobXion\"]},{\"@type\":\"Person\",\"@id\":\"https:\/\/www.jobxion.com\/pl\/#\/schema\/person\/c920f0196ff09f8ab3590800c0fc85da\",\"name\":\"Rekrutacja\",\"image\":{\"@type\":\"ImageObject\",\"inLanguage\":\"pl-PL\",\"@id\":\"https:\/\/www.jobxion.com\/pl\/#\/schema\/person\/image\/\",\"url\":\"https:\/\/secure.gravatar.com\/avatar\/949e184d18e77f131b1c25d37f6c045b7f8471b3c8adefd8c68a2f5516f70192?s=96&d=mm&r=g\",\"contentUrl\":\"https:\/\/secure.gravatar.com\/avatar\/949e184d18e77f131b1c25d37f6c045b7f8471b3c8adefd8c68a2f5516f70192?s=96&d=mm&r=g\",\"caption\":\"Rekrutacja\"},\"url\":\"https:\/\/www.jobxion.com\/pl\/author\/rekrutacja\/\"}]}<\/script>\n<!-- \/ Yoast SEO Premium plugin. -->","yoast_head_json":{"title":"Wywiad kompetencyjny \u2013 nie taki straszny jak go maluj\u0105.","description":"Wywiad kompetencyjny - nie taki straszny jak go maluj\u0105.Wywiad kompetencyjny, inaczej nazywany wywiadem behawioralnym to nic innego jak jeden z rodzaj\u00f3w","robots":{"index":"index","follow":"follow","max-snippet":"max-snippet:-1","max-image-preview":"max-image-preview:large","max-video-preview":"max-video-preview:-1"},"canonical":"https:\/\/www.jobxion.com\/pl\/wywiad-kompetencyjny-nie-taki-straszny-jak-go-maluja\/","og_locale":"pl_PL","og_type":"article","og_title":"Wywiad kompetencyjny \u2013 nie taki straszny jak go maluj\u0105.","og_description":"Wywiad kompetencyjny - nie taki straszny jak go maluj\u0105.Wywiad kompetencyjny, inaczej nazywany wywiadem behawioralnym to nic innego jak jeden z rodzaj\u00f3w","og_url":"https:\/\/www.jobxion.com\/pl\/wywiad-kompetencyjny-nie-taki-straszny-jak-go-maluja\/","og_site_name":"Jobxion","article_publisher":"https:\/\/www.facebook.com\/JobXion","article_published_time":"2023-10-02T08:00:00+00:00","article_modified_time":"2024-03-08T10:50:22+00:00","og_image":[{"width":900,"height":546,"url":"https:\/\/www.jobxion.com\/wp-content\/uploads\/2023\/10\/Wywiad-kompetencyjny.webp","type":"image\/webp"}],"author":"Rekrutacja","schema":{"@context":"https:\/\/schema.org","@graph":[{"@type":"Article","@id":"https:\/\/www.jobxion.com\/pl\/wywiad-kompetencyjny-nie-taki-straszny-jak-go-maluja\/#article","isPartOf":{"@id":"https:\/\/www.jobxion.com\/pl\/wywiad-kompetencyjny-nie-taki-straszny-jak-go-maluja\/"},"author":{"name":"Rekrutacja","@id":"https:\/\/www.jobxion.com\/pl\/#\/schema\/person\/c920f0196ff09f8ab3590800c0fc85da"},"headline":"Wywiad kompetencyjny \u2013 nie taki straszny jak go maluj\u0105.","datePublished":"2023-10-02T08:00:00+00:00","dateModified":"2024-03-08T10:50:22+00:00","mainEntityOfPage":{"@id":"https:\/\/www.jobxion.com\/pl\/wywiad-kompetencyjny-nie-taki-straszny-jak-go-maluja\/"},"wordCount":507,"publisher":{"@id":"https:\/\/www.jobxion.com\/pl\/#organization"},"image":{"@id":"https:\/\/www.jobxion.com\/pl\/wywiad-kompetencyjny-nie-taki-straszny-jak-go-maluja\/#primaryimage"},"thumbnailUrl":"https:\/\/www.jobxion.com\/wp-content\/uploads\/2023\/10\/Wywiad-kompetencyjny.webp","keywords":["Holandia"],"articleSection":["Blog"],"inLanguage":"pl-PL"},{"@type":"WebPage","@id":"https:\/\/www.jobxion.com\/pl\/wywiad-kompetencyjny-nie-taki-straszny-jak-go-maluja\/","url":"https:\/\/www.jobxion.com\/pl\/wywiad-kompetencyjny-nie-taki-straszny-jak-go-maluja\/","name":"Wywiad kompetencyjny \u2013 nie taki straszny jak go maluj\u0105.","isPartOf":{"@id":"https:\/\/www.jobxion.com\/pl\/#website"},"primaryImageOfPage":{"@id":"https:\/\/www.jobxion.com\/pl\/wywiad-kompetencyjny-nie-taki-straszny-jak-go-maluja\/#primaryimage"},"image":{"@id":"https:\/\/www.jobxion.com\/pl\/wywiad-kompetencyjny-nie-taki-straszny-jak-go-maluja\/#primaryimage"},"thumbnailUrl":"https:\/\/www.jobxion.com\/wp-content\/uploads\/2023\/10\/Wywiad-kompetencyjny.webp","datePublished":"2023-10-02T08:00:00+00:00","dateModified":"2024-03-08T10:50:22+00:00","description":"Wywiad kompetencyjny - nie taki straszny jak go maluj\u0105.Wywiad kompetencyjny, inaczej nazywany wywiadem behawioralnym to nic innego jak jeden z rodzaj\u00f3w","inLanguage":"pl-PL","potentialAction":[{"@type":"ReadAction","target":["https:\/\/www.jobxion.com\/pl\/wywiad-kompetencyjny-nie-taki-straszny-jak-go-maluja\/"]}]},{"@type":"ImageObject","inLanguage":"pl-PL","@id":"https:\/\/www.jobxion.com\/pl\/wywiad-kompetencyjny-nie-taki-straszny-jak-go-maluja\/#primaryimage","url":"https:\/\/www.jobxion.com\/wp-content\/uploads\/2023\/10\/Wywiad-kompetencyjny.webp","contentUrl":"https:\/\/www.jobxion.com\/wp-content\/uploads\/2023\/10\/Wywiad-kompetencyjny.webp","width":900,"height":546,"caption":"Wywiad kompetencyjny"},{"@type":"WebSite","@id":"https:\/\/www.jobxion.com\/pl\/#website","url":"https:\/\/www.jobxion.com\/pl\/","name":"Jobxion","description":"Jobxion","publisher":{"@id":"https:\/\/www.jobxion.com\/pl\/#organization"},"potentialAction":[{"@type":"SearchAction","target":{"@type":"EntryPoint","urlTemplate":"https:\/\/www.jobxion.com\/pl\/?s={search_term_string}"},"query-input":{"@type":"PropertyValueSpecification","valueRequired":true,"valueName":"search_term_string"}}],"inLanguage":"pl-PL"},{"@type":"Organization","@id":"https:\/\/www.jobxion.com\/pl\/#organization","name":"Jobxion","url":"https:\/\/www.jobxion.com\/pl\/","logo":{"@type":"ImageObject","inLanguage":"pl-PL","@id":"https:\/\/www.jobxion.com\/pl\/#\/schema\/logo\/image\/","url":"https:\/\/www.jobxion.com\/wp-content\/uploads\/2022\/09\/Jobxion-website-e1671193791246.png","contentUrl":"https:\/\/www.jobxion.com\/wp-content\/uploads\/2022\/09\/Jobxion-website-e1671193791246.png","width":150,"height":36,"caption":"Jobxion"},"image":{"@id":"https:\/\/www.jobxion.com\/pl\/#\/schema\/logo\/image\/"},"sameAs":["https:\/\/www.facebook.com\/JobXion"]},{"@type":"Person","@id":"https:\/\/www.jobxion.com\/pl\/#\/schema\/person\/c920f0196ff09f8ab3590800c0fc85da","name":"Rekrutacja","image":{"@type":"ImageObject","inLanguage":"pl-PL","@id":"https:\/\/www.jobxion.com\/pl\/#\/schema\/person\/image\/","url":"https:\/\/secure.gravatar.com\/avatar\/949e184d18e77f131b1c25d37f6c045b7f8471b3c8adefd8c68a2f5516f70192?s=96&d=mm&r=g","contentUrl":"https:\/\/secure.gravatar.com\/avatar\/949e184d18e77f131b1c25d37f6c045b7f8471b3c8adefd8c68a2f5516f70192?s=96&d=mm&r=g","caption":"Rekrutacja"},"url":"https:\/\/www.jobxion.com\/pl\/author\/rekrutacja\/"}]}},"_links":{"self":[{"href":"https:\/\/www.jobxion.com\/pl\/wp-json\/wp\/v2\/posts\/28363","targetHints":{"allow":["GET"]}}],"collection":[{"href":"https:\/\/www.jobxion.com\/pl\/wp-json\/wp\/v2\/posts"}],"about":[{"href":"https:\/\/www.jobxion.com\/pl\/wp-json\/wp\/v2\/types\/post"}],"author":[{"embeddable":true,"href":"https:\/\/www.jobxion.com\/pl\/wp-json\/wp\/v2\/users\/9"}],"replies":[{"embeddable":true,"href":"https:\/\/www.jobxion.com\/pl\/wp-json\/wp\/v2\/comments?post=28363"}],"version-history":[{"count":6,"href":"https:\/\/www.jobxion.com\/pl\/wp-json\/wp\/v2\/posts\/28363\/revisions"}],"predecessor-version":[{"id":34611,"href":"https:\/\/www.jobxion.com\/pl\/wp-json\/wp\/v2\/posts\/28363\/revisions\/34611"}],"wp:featuredmedia":[{"embeddable":true,"href":"https:\/\/www.jobxion.com\/pl\/wp-json\/wp\/v2\/media\/34606"}],"wp:attachment":[{"href":"https:\/\/www.jobxion.com\/pl\/wp-json\/wp\/v2\/media?parent=28363"}],"wp:term":[{"taxonomy":"category","embeddable":true,"href":"https:\/\/www.jobxion.com\/pl\/wp-json\/wp\/v2\/categories?post=28363"},{"taxonomy":"post_tag","embeddable":true,"href":"https:\/\/www.jobxion.com\/pl\/wp-json\/wp\/v2\/tags?post=28363"}],"curies":[{"name":"wp","href":"https:\/\/api.w.org\/{rel}","templated":true}]}}